{"id":4659,"date":"2017-08-24T08:12:17","date_gmt":"2017-08-24T07:12:17","guid":{"rendered":"http:\/\/yomeunoalretto.org\/?p=4659"},"modified":"2017-08-24T10:40:27","modified_gmt":"2017-08-24T09:40:27","slug":"no-va-a-faltar-ningun-detalle-para-un-domingo-perfecto","status":"publish","type":"post","link":"http:\/\/yomeunoalretto.org\/?p=4659","title":{"rendered":"No va a faltar ning\u00fan detalle para un domingo perfecto"},"content":{"rendered":"<p>Desde la Asociaci\u00f3n Y<a href=\"http:\/\/cronofinisher.com\/evento\/iii-carrera-popular-por-el-sindrome-de-rett-yo-me-uno-al-retto\/\" target=\"_blank\" rel=\"noopener\"><img data-attachment-id=\"4640\" data-permalink=\"http:\/\/yomeunoalretto.org\/?attachment_id=4640\" data-orig-file=\"http:\/\/yomeunoalretto.org\/wp-content\/uploads\/2017\/08\/CARTEL-RETT-01.jpg\" data-orig-size=\"2417,3386\" data-comments-opened=\"1\" data-image-meta=\"{&quot;aperture&quot;:&quot;0&quot;,&quot;credit&quot;:&quot;&quot;,&quot;camera&quot;:&quot;&quot;,&quot;caption&quot;:&quot;&quot;,&quot;created_timestamp&quot;:&quot;0&quot;,&quot;copyright&quot;:&quot;&quot;,&quot;focal_length&quot;:&quot;0&quot;,&quot;iso&quot;:&quot;0&quot;,&quot;shutter_speed&quot;:&quot;0&quot;,&quot;title&quot;:&quot;&quot;,&quot;orientation&quot;:&quot;0&quot;}\" data-image-title=\"CARTEL RETT-01\" data-image-description=\"\" data-image-caption=\"\" data-medium-file=\"http:\/\/yomeunoalretto.org\/wp-content\/uploads\/2017\/08\/CARTEL-RETT-01-178x250.jpg\" data-large-file=\"http:\/\/yomeunoalretto.org\/wp-content\/uploads\/2017\/08\/CARTEL-RETT-01-731x1024.jpg\" decoding=\"async\" loading=\"lazy\" class=\"alignleft size-medium wp-image-4640\" src=\"http:\/\/yomeunoalretto.org\/wp-content\/uploads\/2017\/08\/CARTEL-RETT-01-178x250.jpg\" alt=\"\" width=\"178\" height=\"250\" srcset=\"http:\/\/yomeunoalretto.org\/wp-content\/uploads\/2017\/08\/CARTEL-RETT-01-178x250.jpg 178w, http:\/\/yomeunoalretto.org\/wp-content\/uploads\/2017\/08\/CARTEL-RETT-01-768x1076.jpg 768w, http:\/\/yomeunoalretto.org\/wp-content\/uploads\/2017\/08\/CARTEL-RETT-01-731x1024.jpg 731w, http:\/\/yomeunoalretto.org\/wp-content\/uploads\/2017\/08\/CARTEL-RETT-01-120x168.jpg 120w\" sizes=\"(max-width: 178px) 100vw, 178px\" \/><\/a>o me uno al Retto estamos trabajando duro para que el pr\u00f3ximo domingo 03 de septiembre no os falte nada para disfrutar. Solo os ten\u00e9is que inscribir en <a href=\"http:\/\/cronofinisher.com\/evento\/iii-carrera-popular-por-el-sindrome-de-rett-yo-me-uno-al-retto\/\" target=\"_blank\" rel=\"noopener\"><strong><span style=\"color: #3366ff;\">cronofinisher<\/span><\/strong><\/a> para garantizaros un domingo fabuloso, deportivo, divertido y solidario.<\/p>\n<p>Las inscripciones se cierran el jueves 31\/08\/2107 y a partir del d\u00eda 01 y hasta el d\u00eda antes de la carrera podr\u00e9is retirar en<a href=\"https:\/\/www.trailrunner-store.es\/\" target=\"_blank\" rel=\"noopener\"><span style=\"color: #00ccff;\"><strong> Trail Runner Store,<\/strong><\/span><\/a> en la Av. de Pery Junquera, en San Fernando. Donde podr\u00e9is retirar vuestro dorsal y visera regalo por participar (solo podemos garantizar el regalo si te inscribiste antes del 24\/08\/2017).<\/p>\n<p>El d\u00eda de la prueba os esperamos en las inmediaciones del parque natural de las\u00a0 Canteras, en Puerto Real. Donde la prueba se desarrollar\u00e1 en su mayor parte entre pinares, protegi\u00e9ndonos del sol y del calor, y donde hay un amplio espacio para aparcar. Adem\u00e1s si no quieres usar el coche, a 200 metros est\u00e1 la estaci\u00f3n de tren de Puerto Real, m\u00e1s f\u00e1cil imposible para asistir a nuestra cita.<\/p>\n<p>En el complejo deportivo Paco Gallego de Puerto Real a las 10:00 de la ma\u00f1ana se dar\u00e1 salida a la prueba de 10 km y 5 minutos despu\u00e9s la de 5 km, y sobre las 11:00 empezar\u00e1n las categor\u00edas infantiles animadas por los superh\u00e9roes que la empresa de ocio infantil <a href=\"http:\/\/www.valledecuentos.com\/Valle_de_Cuentos\/bienvenidos.html\" target=\"_blank\" rel=\"noopener\"><strong><span style=\"color: #99cc00;\">Valle de Cuentos<\/span><\/strong><\/a> ha conseguido inscribir en la competici\u00f3n.<a href=\"http:\/\/cronofinisher.com\/evento\/iii-carrera-popular-por-el-sindrome-de-rett-yo-me-uno-al-retto\/\" target=\"_blank\" rel=\"noopener\"><img data-attachment-id=\"4552\" data-permalink=\"http:\/\/yomeunoalretto.org\/?attachment_id=4552\" data-orig-file=\"http:\/\/yomeunoalretto.org\/wp-content\/uploads\/2017\/08\/cartel-revision.jpg\" data-orig-size=\"3427,4598\" data-comments-opened=\"1\" data-image-meta=\"{&quot;aperture&quot;:&quot;0&quot;,&quot;credit&quot;:&quot;Publiprenda&quot;,&quot;camera&quot;:&quot;&quot;,&quot;caption&quot;:&quot;&quot;,&quot;created_timestamp&quot;:&quot;1502363109&quot;,&quot;copyright&quot;:&quot;&quot;,&quot;focal_length&quot;:&quot;0&quot;,&quot;iso&quot;:&quot;0&quot;,&quot;shutter_speed&quot;:&quot;0&quot;,&quot;title&quot;:&quot;&quot;,&quot;orientation&quot;:&quot;1&quot;}\" data-image-title=\"cartel revision\" data-image-description=\"\" data-image-caption=\"\" data-medium-file=\"http:\/\/yomeunoalretto.org\/wp-content\/uploads\/2017\/08\/cartel-revision-186x250.jpg\" data-large-file=\"http:\/\/yomeunoalretto.org\/wp-content\/uploads\/2017\/08\/cartel-revision-763x1024.jpg\" decoding=\"async\" loading=\"lazy\" class=\"size-medium wp-image-4552 alignright\" src=\"http:\/\/yomeunoalretto.org\/wp-content\/uploads\/2017\/08\/cartel-revision-186x250.jpg\" alt=\"\" width=\"186\" height=\"250\" srcset=\"http:\/\/yomeunoalretto.org\/wp-content\/uploads\/2017\/08\/cartel-revision-186x250.jpg 186w, http:\/\/yomeunoalretto.org\/wp-content\/uploads\/2017\/08\/cartel-revision-768x1030.jpg 768w, http:\/\/yomeunoalretto.org\/wp-content\/uploads\/2017\/08\/cartel-revision-763x1024.jpg 763w, http:\/\/yomeunoalretto.org\/wp-content\/uploads\/2017\/08\/cartel-revision-125x168.jpg 125w\" sizes=\"(max-width: 186px) 100vw, 186px\" \/><\/a><\/p>\n<p>Mucho antes de las 10:00 ya tendr\u00e9is a vuestra disposici\u00f3n el servicio de vestuario, guardarropa, entrega de dorsales; y despu\u00e9s de la prueba estar\u00e1 el equipo <span style=\"color: #ffcc00;\"><strong>FISIOTERAPIA UCA<\/strong><\/span> que se suma al evento y vendran a echarnos una mano y a demostrar lo bien que lo hacen brindando sus conocimientos en fisioterapia para todos aquellos que necesiteis de sus servicios; junto con servicio de avituallamiento solido a\u00a0 cargo de <a href=\"http:\/\/www.fruteriaelcurro.com\/\" target=\"_blank\" rel=\"noopener\"><strong><span style=\"color: #ff9900;\">Fruter\u00eda el Curro<\/span><\/strong><\/a>, y liquido gracias a nuestros Colaboradores <strong><span style=\"color: #ff0000;\">Coca Cola<\/span> <\/strong>y <strong><span style=\"color: #800000;\">Cruzcampo<\/span><\/strong>; adem\u00e1s de duchas, para poder asistir al Festival solidario. Cuya entrada es gratuita presentando el dorsal con el que has participado en la carrera.<\/p>\n<p>Y tras la entrega de trofeos, que empezar\u00e1 sobre las 13:00, a cargo de Nacho Lim\u00f3n, empezar\u00e1 en Festival Solidario, presentado por Belen Peralta y con las animaciones infantiles, un teatro a cargo de <a href=\"http:\/\/www.valledecuentos.com\/Valle_de_Cuentos\/bienvenidos.html\" target=\"_blank\" rel=\"noopener\"><span style=\"color: #99cc00;\"><strong>Valle de Cuentos<\/strong><\/span><\/a> el concierto del Planeta de Tulus y talleres para los peque\u00f1os, y despu\u00e9s del almuerzo a cargo de Harana J.M. Catering, vendr\u00e1n las actuaciones: flamenco, variedades y carnavalescas de la mano del Selu y del Love.<\/p>\n<p>Y todo ello a beneficio de la investigaci\u00f3n del S\u00edndrome de Rett, que lleva a cabo <a href=\"http:\/\/www.rett.es\/investigacion\/48-convenio-finrett.html\" target=\"_blank\" rel=\"noopener\"><strong><span style=\"color: #cc99ff;\">Fin Rett<\/span><\/strong><\/a>.<\/p>\n<p>Ya sabes como participar, en la carrera o marcha, acudiando al festival solidario por un donativo de 5 \u20ac, o bien ayudandonos como voluntari@ mandando un mail a info@yomeunoalretto.org.<\/p>\n<p>Y si no puedes asistir aun puedes colaborar aportando un donativo al dorsal cero creado en la web de <a href=\"http:\/\/cronofinisher.com\/evento\/iii-carrera-popular-por-el-sindrome-de-rett-yo-me-uno-al-retto\/\" target=\"_blank\" rel=\"noopener\"><span style=\"color: #3366ff;\"><strong>cronofinisher<\/strong>,<\/span><\/a> o a la ccc de la Asociaci\u00f3n <strong>IBAN <span class=\"tit_subt \">ES87 0133 8694 2342 0000 1836.<\/span><\/strong><\/p>\n<p>Ahora solo falta que t\u00fa le pongas ganas y te unas al Retto con nosotros<\/p>\n<div class=\"sharedaddy sd-sharing-enabled\"><div class=\"robots-nocontent sd-block sd-social sd-social-icon sd-sharing\"><h3 class=\"sd-title\">Comparte esto:<\/h3><div class=\"sd-content\"><ul><li class=\"share-facebook\"><a rel=\"nofollow noopener noreferrer\" data-shared=\"sharing-facebook-4659\" class=\"share-facebook sd-button share-icon no-text\" href=\"http:\/\/yomeunoalretto.org\/?p=4659&amp;share=facebook\" target=\"_blank\" title=\"Haz clic para compartir en Facebook\" ><span><\/span><span class=\"sharing-screen-reader-text\">Haz clic para compartir en Facebook (Se abre en una ventana nueva)<\/span><\/a><\/li><li class=\"share-twitter\"><a rel=\"nofollow noopener noreferrer\" data-shared=\"sharing-twitter-4659\" class=\"share-twitter sd-button share-icon no-text\" href=\"http:\/\/yomeunoalretto.org\/?p=4659&amp;share=twitter\" target=\"_blank\" title=\"Haz clic para compartir en Twitter\" ><span><\/span><span class=\"sharing-screen-reader-text\">Haz clic para compartir en Twitter (Se abre en una ventana nueva)<\/span><\/a><\/li><li class=\"share-print\"><a rel=\"nofollow noopener noreferrer\" data-shared=\"\" class=\"share-print sd-button share-icon no-text\" href=\"http:\/\/yomeunoalretto.org\/?p=4659\" target=\"_blank\" title=\"Haz clic para imprimir\" ><span><\/span><span class=\"sharing-screen-reader-text\">Haz clic para imprimir (Se abre en una ventana nueva)<\/span><\/a><\/li><li class=\"share-email\"><a rel=\"nofollow noopener noreferrer\" data-shared=\"\" class=\"share-email sd-button share-icon no-text\" href=\"mailto:?subject=%5BEntrada%20compartida%5D%20No%20va%20a%20faltar%20ning%C3%BAn%20detalle%20para%20un%20domingo%20perfecto&body=http%3A%2F%2Fyomeunoalretto.org%2F%3Fp%3D4659&share=email\" target=\"_blank\" title=\"Haz clic para enviar un enlace por correo electr\u00f3nico a un amigo\" data-email-share-error-title=\"\u00bfTienes un correo electr\u00f3nico configurado?\" data-email-share-error-text=\"Si tienes problemas al compartir por correo electr\u00f3nico, es posible que sea porque no tengas un correo electr\u00f3nico configurado en tu navegador. Puede que tengas que crear un nuevo correo electr\u00f3nico t\u00fa mismo.\" data-email-share-nonce=\"062633e854\" data-email-share-track-url=\"http:\/\/yomeunoalretto.org\/?p=4659&amp;share=email\"><span><\/span><span class=\"sharing-screen-reader-text\">Haz clic para enviar un enlace por correo electr\u00f3nico a un amigo (Se abre en una ventana nueva)<\/span><\/a><\/li><li><a href=\"#\" class=\"sharing-anchor sd-button share-more\"><span>M\u00e1s<\/span><\/a><\/li><li class=\"share-end\"><\/li><\/ul><div class=\"sharing-hidden\"><div class=\"inner\" style=\"display: none;\"><ul><li class=\"share-linkedin\"><a rel=\"nofollow noopener noreferrer\" data-shared=\"sharing-linkedin-4659\" class=\"share-linkedin sd-button share-icon no-text\" href=\"http:\/\/yomeunoalretto.org\/?p=4659&amp;share=linkedin\" target=\"_blank\" title=\"Haz clic para compartir en LinkedIn\" ><span><\/span><span class=\"sharing-screen-reader-text\">Haz clic para compartir en LinkedIn (Se abre en una ventana nueva)<\/span><\/a><\/li><li class=\"share-tumblr\"><a rel=\"nofollow noopener noreferrer\" data-shared=\"\" class=\"share-tumblr sd-button share-icon no-text\" href=\"http:\/\/yomeunoalretto.org\/?p=4659&amp;share=tumblr\" target=\"_blank\" title=\"Haz clic para compartir en Tumblr\" ><span><\/span><span class=\"sharing-screen-reader-text\">Haz clic para compartir en Tumblr (Se abre en una ventana nueva)<\/span><\/a><\/li><li class=\"share-end\"><\/li><li class=\"share-reddit\"><a rel=\"nofollow noopener noreferrer\" data-shared=\"\" class=\"share-reddit sd-button share-icon no-text\" href=\"http:\/\/yomeunoalretto.org\/?p=4659&amp;share=reddit\" target=\"_blank\" title=\"Haz clic para compartir en Reddit\" ><span><\/span><span class=\"sharing-screen-reader-text\">Haz clic para compartir en Reddit (Se abre en una ventana nueva)<\/span><\/a><\/li><li class=\"share-pocket\"><a rel=\"nofollow noopener noreferrer\" data-shared=\"\" class=\"share-pocket sd-button share-icon no-text\" href=\"http:\/\/yomeunoalretto.org\/?p=4659&amp;share=pocket\" target=\"_blank\" title=\"Haz clic para compartir en Pocket\" ><span><\/span><span class=\"sharing-screen-reader-text\">Haz clic para compartir en Pocket (Se abre en una ventana nueva)<\/span><\/a><\/li><li class=\"share-end\"><\/li><li class=\"share-pinterest\"><a rel=\"nofollow noopener noreferrer\" data-shared=\"sharing-pinterest-4659\" class=\"share-pinterest sd-button share-icon no-text\" href=\"http:\/\/yomeunoalretto.org\/?p=4659&amp;share=pinterest\" target=\"_blank\" title=\"Haz clic para compartir en Pinterest\" ><span><\/span><span class=\"sharing-screen-reader-text\">Haz clic para compartir en Pinterest (Se abre en una ventana nueva)<\/span><\/a><\/li><li class=\"share-end\"><\/li><\/ul><\/div><\/div><\/div><\/div><\/div>","protected":false},"excerpt":{"rendered":"<p>Desde la Asociaci\u00f3n Yo me uno al Retto estamos trabajando duro para que el pr\u00f3ximo domingo 03 de septiembre no os falte nada para disfrutar. Solo os ten\u00e9is que inscribir en cronofinisher para garantizaros un domingo fabuloso, deportivo, divertido y solidario. Las inscripciones se cierran el jueves 31\/08\/2107 y a partir del d\u00eda 01 y [&hellip;]<\/p>\n<div class=\"sharedaddy sd-sharing-enabled\"><div class=\"robots-nocontent sd-block sd-social sd-social-icon sd-sharing\"><h3 class=\"sd-title\">Comparte esto:<\/h3><div class=\"sd-content\"><ul><li class=\"share-facebook\"><a rel=\"nofollow noopener noreferrer\" data-shared=\"sharing-facebook-4659\" class=\"share-facebook sd-button share-icon no-text\" href=\"http:\/\/yomeunoalretto.org\/?p=4659&amp;share=facebook\" target=\"_blank\" title=\"Haz clic para compartir en Facebook\" ><span><\/span><span class=\"sharing-screen-reader-text\">Haz clic para compartir en Facebook (Se abre en una ventana nueva)<\/span><\/a><\/li><li class=\"share-twitter\"><a rel=\"nofollow noopener noreferrer\" data-shared=\"sharing-twitter-4659\" class=\"share-twitter sd-button share-icon no-text\" href=\"http:\/\/yomeunoalretto.org\/?p=4659&amp;share=twitter\" target=\"_blank\" title=\"Haz clic para compartir en Twitter\" ><span><\/span><span class=\"sharing-screen-reader-text\">Haz clic para compartir en Twitter (Se abre en una ventana nueva)<\/span><\/a><\/li><li class=\"share-print\"><a rel=\"nofollow noopener noreferrer\" data-shared=\"\" class=\"share-print sd-button share-icon no-text\" href=\"http:\/\/yomeunoalretto.org\/?p=4659\" target=\"_blank\" title=\"Haz clic para imprimir\" ><span><\/span><span class=\"sharing-screen-reader-text\">Haz clic para imprimir (Se abre en una ventana nueva)<\/span><\/a><\/li><li class=\"share-email\"><a rel=\"nofollow noopener noreferrer\" data-shared=\"\" class=\"share-email sd-button share-icon no-text\" href=\"mailto:?subject=%5BEntrada%20compartida%5D%20No%20va%20a%20faltar%20ning%C3%BAn%20detalle%20para%20un%20domingo%20perfecto&body=http%3A%2F%2Fyomeunoalretto.org%2F%3Fp%3D4659&share=email\" target=\"_blank\" title=\"Haz clic para enviar un enlace por correo electr\u00f3nico a un amigo\" data-email-share-error-title=\"\u00bfTienes un correo electr\u00f3nico configurado?\" data-email-share-error-text=\"Si tienes problemas al compartir por correo electr\u00f3nico, es posible que sea porque no tengas un correo electr\u00f3nico configurado en tu navegador. Puede que tengas que crear un nuevo correo electr\u00f3nico t\u00fa mismo.\" data-email-share-nonce=\"062633e854\" data-email-share-track-url=\"http:\/\/yomeunoalretto.org\/?p=4659&amp;share=email\"><span><\/span><span class=\"sharing-screen-reader-text\">Haz clic para enviar un enlace por correo electr\u00f3nico a un amigo (Se abre en una ventana nueva)<\/span><\/a><\/li><li><a href=\"#\" class=\"sharing-anchor sd-button share-more\"><span>M\u00e1s<\/span><\/a><\/li><li class=\"share-end\"><\/li><\/ul><div class=\"sharing-hidden\"><div class=\"inner\" style=\"display: none;\"><ul><li class=\"share-linkedin\"><a rel=\"nofollow noopener noreferrer\" data-shared=\"sharing-linkedin-4659\" class=\"share-linkedin sd-button share-icon no-text\" href=\"http:\/\/yomeunoalretto.org\/?p=4659&amp;share=linkedin\" target=\"_blank\" title=\"Haz clic para compartir en LinkedIn\" ><span><\/span><span class=\"sharing-screen-reader-text\">Haz clic para compartir en LinkedIn (Se abre en una ventana nueva)<\/span><\/a><\/li><li class=\"share-tumblr\"><a rel=\"nofollow noopener noreferrer\" data-shared=\"\" class=\"share-tumblr sd-button share-icon no-text\" href=\"http:\/\/yomeunoalretto.org\/?p=4659&amp;share=tumblr\" target=\"_blank\" title=\"Haz clic para compartir en Tumblr\" ><span><\/span><span class=\"sharing-screen-reader-text\">Haz clic para compartir en Tumblr (Se abre en una ventana nueva)<\/span><\/a><\/li><li class=\"share-end\"><\/li><li class=\"share-reddit\"><a rel=\"nofollow noopener noreferrer\" data-shared=\"\" class=\"share-reddit sd-button share-icon no-text\" href=\"http:\/\/yomeunoalretto.org\/?p=4659&amp;share=reddit\" target=\"_blank\" title=\"Haz clic para compartir en Reddit\" ><span><\/span><span class=\"sharing-screen-reader-text\">Haz clic para compartir en Reddit (Se abre en una ventana nueva)<\/span><\/a><\/li><li class=\"share-pocket\"><a rel=\"nofollow noopener noreferrer\" data-shared=\"\" class=\"share-pocket sd-button share-icon no-text\" href=\"http:\/\/yomeunoalretto.org\/?p=4659&amp;share=pocket\" target=\"_blank\" title=\"Haz clic para compartir en Pocket\" ><span><\/span><span class=\"sharing-screen-reader-text\">Haz clic para compartir en Pocket (Se abre en una ventana nueva)<\/span><\/a><\/li><li class=\"share-end\"><\/li><li class=\"share-pinterest\"><a rel=\"nofollow noopener noreferrer\" data-shared=\"sharing-pinterest-4659\" class=\"share-pinterest sd-button share-icon no-text\" href=\"http:\/\/yomeunoalretto.org\/?p=4659&amp;share=pinterest\" target=\"_blank\" title=\"Haz clic para compartir en Pinterest\" ><span><\/span><span class=\"sharing-screen-reader-text\">Haz clic para compartir en Pinterest (Se abre en una ventana nueva)<\/span><\/a><\/li><li class=\"share-end\"><\/li><\/ul><\/div><\/div><\/div><\/div><\/div>","protected":false},"author":1,"featured_media":0,"comment_status":"open","ping_status":"open","sticky":false,"template":"","format":"standard","meta":{"jetpack_publicize_message":"","jetpack_is_tweetstorm":false,"jetpack_publicize_feature_enabled":true},"categories":[1],"tags":[],"jetpack_publicize_connections":[],"jetpack_featured_media_url":"","jetpack_shortlink":"https:\/\/wp.me\/p4JzDn-1d9","jetpack_sharing_enabled":true,"_links":{"self":[{"href":"http:\/\/yomeunoalretto.org\/index.php?rest_route=\/wp\/v2\/posts\/4659"}],"collection":[{"href":"http:\/\/yomeunoalretto.org\/index.php?rest_route=\/wp\/v2\/posts"}],"about":[{"href":"http:\/\/yomeunoalretto.org\/index.php?rest_route=\/wp\/v2\/types\/post"}],"author":[{"embeddable":true,"href":"http:\/\/yomeunoalretto.org\/index.php?rest_route=\/wp\/v2\/users\/1"}],"replies":[{"embeddable":true,"href":"http:\/\/yomeunoalretto.org\/index.php?rest_route=%2Fwp%2Fv2%2Fcomments&post=4659"}],"version-history":[{"count":9,"href":"http:\/\/yomeunoalretto.org\/index.php?rest_route=\/wp\/v2\/posts\/4659\/revisions"}],"predecessor-version":[{"id":4681,"href":"http:\/\/yomeunoalretto.org\/index.php?rest_route=\/wp\/v2\/posts\/4659\/revisions\/4681"}],"wp:attachment":[{"href":"http:\/\/yomeunoalretto.org\/index.php?rest_route=%2Fwp%2Fv2%2Fmedia&parent=4659"}],"wp:term":[{"taxonomy":"category","embeddable":true,"href":"http:\/\/yomeunoalretto.org\/index.php?rest_route=%2Fwp%2Fv2%2Fcategories&post=4659"},{"taxonomy":"post_tag","embeddable":true,"href":"http:\/\/yomeunoalretto.org\/index.php?rest_route=%2Fwp%2Fv2%2Ftags&post=4659"}],"curies":[{"name":"wp","href":"https:\/\/api.w.org\/{rel}","templated":true}]}}