{"id":3700,"date":"2016-02-01T01:45:41","date_gmt":"2016-02-01T00:45:41","guid":{"rendered":"http:\/\/yomeunoalretto.org\/?p=3700"},"modified":"2016-02-01T01:45:41","modified_gmt":"2016-02-01T00:45:41","slug":"nuevo-evento-de-nuestra-asociacion-29-de-febrero","status":"publish","type":"post","link":"http:\/\/yomeunoalretto.org\/?p=3700","title":{"rendered":"Nuevo evento de nuestra asociaci\u00f3n 29 de febrero"},"content":{"rendered":"<p><img data-attachment-id=\"3662\" data-permalink=\"http:\/\/yomeunoalretto.org\/?attachment_id=3662\" data-orig-file=\"http:\/\/yomeunoalretto.org\/wp-content\/uploads\/2016\/01\/Cartel-Rett.jpg\" data-orig-size=\"3508,4961\" data-comments-opened=\"1\" data-image-meta=\"{&quot;aperture&quot;:&quot;0&quot;,&quot;credit&quot;:&quot;&quot;,&quot;camera&quot;:&quot;&quot;,&quot;caption&quot;:&quot;&quot;,&quot;created_timestamp&quot;:&quot;0&quot;,&quot;copyright&quot;:&quot;&quot;,&quot;focal_length&quot;:&quot;0&quot;,&quot;iso&quot;:&quot;0&quot;,&quot;shutter_speed&quot;:&quot;0&quot;,&quot;title&quot;:&quot;&quot;,&quot;orientation&quot;:&quot;1&quot;}\" data-image-title=\"Cartel Rett\" data-image-description=\"\" data-image-caption=\"\" data-medium-file=\"http:\/\/yomeunoalretto.org\/wp-content\/uploads\/2016\/01\/Cartel-Rett-177x250.jpg\" data-large-file=\"http:\/\/yomeunoalretto.org\/wp-content\/uploads\/2016\/01\/Cartel-Rett-724x1024.jpg\" decoding=\"async\" loading=\"lazy\" class=\"alignleft  wp-image-3662\" src=\"http:\/\/yomeunoalretto.org\/wp-content\/uploads\/2016\/01\/Cartel-Rett-177x250.jpg\" alt=\"Cartel Rett\" width=\"196\" height=\"277\" srcset=\"http:\/\/yomeunoalretto.org\/wp-content\/uploads\/2016\/01\/Cartel-Rett-177x250.jpg 177w, http:\/\/yomeunoalretto.org\/wp-content\/uploads\/2016\/01\/Cartel-Rett-768x1086.jpg 768w, http:\/\/yomeunoalretto.org\/wp-content\/uploads\/2016\/01\/Cartel-Rett-724x1024.jpg 724w, http:\/\/yomeunoalretto.org\/wp-content\/uploads\/2016\/01\/Cartel-Rett-119x168.jpg 119w\" sizes=\"(max-width: 196px) 100vw, 196px\" \/>Con motivo de la conmemoraci\u00f3n del d\u00eda Internacional de las enfermedades raras, el 29 de febrero para conmemorar este d\u00eda bajo el lema \u201c\u00danete a nosotros para hacer la voz de las enfermedades raras se oiga\u201d<\/p>\n<p>Nuestra asociaci\u00f3n pretende concienciar a la sociedad gaditana de la presencia de estas enfermedades entre los convecinos en la ciudad, y m\u00e1s en concreto de 5 j\u00f3venes vecinas que padecen el s\u00edndrome de Rett. Es nuestra intenci\u00f3n divulgar el conocimiento de esta enfermedad y donar los beneficios de la recaudaci\u00f3n a la investigaci\u00f3n que de la misma se hace en Espa\u00f1a en el Hospital de San Juan de Dios en Esplugues de Llobregat, Barcelona.<\/p>\n<p>La prueba se celebrar\u00e1 el\u00a0<strong>29 de Febrero de 2016<\/strong>, teniendo una\u00a0<strong>\u00fanica salida a las 12:00<\/strong>\u00a0para ambas modalidades, tanto la\u00a0<strong>carrera<\/strong>\u00a0como la\u00a0<strong>marcha<\/strong>. El evento finalizar\u00e1 sobre las 13:30 con la entrega de premios.<\/p>\n<p>La Organizaci\u00f3n de la carrera y de una marcha popular, que recorre parte de la playa Victoria de C\u00e1diz, corresponde a la Asociaci\u00f3n Gaditana Yo me uno al Retto,\u00a0<em><span style=\"color: #3366ff;\"><strong><a style=\"color: #3366ff;\" href=\"http:\/\/conchipandalucia.com\/\" target=\"_blank\">Conchip Andaluc\u00eda<\/a><\/strong><\/span><\/em>, Empresa de cronometraje.<\/p>\n<p>Colaboran: el Club Deportivo Trihercules Costa de la Luz, los Gimnasios Easyfitness y Salud Sport, Cruz Roja, Fruteria el Curro, Clinica Fideme en San Fernando y Coca Cola.<\/p>\n<p>En nuestra <span style=\"color: #cc99ff;\"><em><strong><a style=\"color: #cc99ff;\" href=\"http:\/\/yomeunoalretto.org\/?page_id=3667\" target=\"_blank\">web <\/a><\/strong><\/em><\/span>y <span style=\"color: #993366;\"><strong><em><a style=\"color: #993366;\" href=\"https:\/\/www.facebook.com\/events\/182997088724729\/\" target=\"_blank\">redes sociales<\/a><\/em><\/strong><\/span> os mantendremos informados de las novedades y sorpresas que os tenemos preparados para este d\u00eda, es muy importante que no os despist\u00e9is ni lo dej\u00e9is para el ultimo d\u00eda (no se permitir\u00e1n inscripciones el mismo d\u00eda de la prueba por razones de garantizar vuestra integridad con el seguro que cubre la prueba), y las 300 plazas para las inscripciones se har\u00e1n siempre a trav\u00e9s de la web de <em><span style=\"color: #3366ff;\"><strong><a style=\"color: #3366ff;\" href=\"http:\/\/conchipandalucia.com\/\" target=\"_blank\">Conchip Andaluc\u00eda<\/a>.\u00a0<\/strong><\/span><\/em>Importante, <strong><span style=\"color: #ff0000;\">fecha limite de inscripci\u00f3n el 25 de febrero.<\/span><\/strong><\/p>\n<p>Gracias por unirte al Retto.<\/p>\n<p>&nbsp;<\/p>\n<div class=\"sharedaddy sd-sharing-enabled\"><div class=\"robots-nocontent sd-block sd-social sd-social-icon sd-sharing\"><h3 class=\"sd-title\">Comparte esto:<\/h3><div class=\"sd-content\"><ul><li class=\"share-facebook\"><a rel=\"nofollow noopener noreferrer\" data-shared=\"sharing-facebook-3700\" class=\"share-facebook sd-button share-icon no-text\" href=\"http:\/\/yomeunoalretto.org\/?p=3700&amp;share=facebook\" target=\"_blank\" title=\"Haz clic para compartir en Facebook\" ><span><\/span><span class=\"sharing-screen-reader-text\">Haz clic para compartir en Facebook (Se abre en una ventana nueva)<\/span><\/a><\/li><li class=\"share-twitter\"><a rel=\"nofollow noopener noreferrer\" data-shared=\"sharing-twitter-3700\" class=\"share-twitter sd-button share-icon no-text\" href=\"http:\/\/yomeunoalretto.org\/?p=3700&amp;share=twitter\" target=\"_blank\" title=\"Haz clic para compartir en Twitter\" ><span><\/span><span class=\"sharing-screen-reader-text\">Haz clic para compartir en Twitter (Se abre en una ventana nueva)<\/span><\/a><\/li><li class=\"share-print\"><a rel=\"nofollow noopener noreferrer\" data-shared=\"\" class=\"share-print sd-button share-icon no-text\" href=\"http:\/\/yomeunoalretto.org\/?p=3700\" target=\"_blank\" title=\"Haz clic para imprimir\" ><span><\/span><span class=\"sharing-screen-reader-text\">Haz clic para imprimir (Se abre en una ventana nueva)<\/span><\/a><\/li><li class=\"share-email\"><a rel=\"nofollow noopener noreferrer\" data-shared=\"\" class=\"share-email sd-button share-icon no-text\" href=\"mailto:?subject=%5BEntrada%20compartida%5D%20Nuevo%20evento%20de%20nuestra%20asociaci%C3%B3n%2029%20de%20febrero&body=http%3A%2F%2Fyomeunoalretto.org%2F%3Fp%3D3700&share=email\" target=\"_blank\" title=\"Haz clic para enviar un enlace por correo electr\u00f3nico a un amigo\" data-email-share-error-title=\"\u00bfTienes un correo electr\u00f3nico configurado?\" data-email-share-error-text=\"Si tienes problemas al compartir por correo electr\u00f3nico, es posible que sea porque no tengas un correo electr\u00f3nico configurado en tu navegador. Puede que tengas que crear un nuevo correo electr\u00f3nico t\u00fa mismo.\" data-email-share-nonce=\"2ff6f724d4\" data-email-share-track-url=\"http:\/\/yomeunoalretto.org\/?p=3700&amp;share=email\"><span><\/span><span class=\"sharing-screen-reader-text\">Haz clic para enviar un enlace por correo electr\u00f3nico a un amigo (Se abre en una ventana nueva)<\/span><\/a><\/li><li><a href=\"#\" class=\"sharing-anchor sd-button share-more\"><span>M\u00e1s<\/span><\/a><\/li><li class=\"share-end\"><\/li><\/ul><div class=\"sharing-hidden\"><div class=\"inner\" style=\"display: none;\"><ul><li class=\"share-linkedin\"><a rel=\"nofollow noopener noreferrer\" data-shared=\"sharing-linkedin-3700\" class=\"share-linkedin sd-button share-icon no-text\" href=\"http:\/\/yomeunoalretto.org\/?p=3700&amp;share=linkedin\" target=\"_blank\" title=\"Haz clic para compartir en LinkedIn\" ><span><\/span><span class=\"sharing-screen-reader-text\">Haz clic para compartir en LinkedIn (Se abre en una ventana nueva)<\/span><\/a><\/li><li class=\"share-tumblr\"><a rel=\"nofollow noopener noreferrer\" data-shared=\"\" class=\"share-tumblr sd-button share-icon no-text\" href=\"http:\/\/yomeunoalretto.org\/?p=3700&amp;share=tumblr\" target=\"_blank\" title=\"Haz clic para compartir en Tumblr\" ><span><\/span><span class=\"sharing-screen-reader-text\">Haz clic para compartir en Tumblr (Se abre en una ventana nueva)<\/span><\/a><\/li><li class=\"share-end\"><\/li><li class=\"share-reddit\"><a rel=\"nofollow noopener noreferrer\" data-shared=\"\" class=\"share-reddit sd-button share-icon no-text\" href=\"http:\/\/yomeunoalretto.org\/?p=3700&amp;share=reddit\" target=\"_blank\" title=\"Haz clic para compartir en Reddit\" ><span><\/span><span class=\"sharing-screen-reader-text\">Haz clic para compartir en Reddit (Se abre en una ventana nueva)<\/span><\/a><\/li><li class=\"share-pocket\"><a rel=\"nofollow noopener noreferrer\" data-shared=\"\" class=\"share-pocket sd-button share-icon no-text\" href=\"http:\/\/yomeunoalretto.org\/?p=3700&amp;share=pocket\" target=\"_blank\" title=\"Haz clic para compartir en Pocket\" ><span><\/span><span class=\"sharing-screen-reader-text\">Haz clic para compartir en Pocket (Se abre en una ventana nueva)<\/span><\/a><\/li><li class=\"share-end\"><\/li><li class=\"share-pinterest\"><a rel=\"nofollow noopener noreferrer\" data-shared=\"sharing-pinterest-3700\" class=\"share-pinterest sd-button share-icon no-text\" href=\"http:\/\/yomeunoalretto.org\/?p=3700&amp;share=pinterest\" target=\"_blank\" title=\"Haz clic para compartir en Pinterest\" ><span><\/span><span class=\"sharing-screen-reader-text\">Haz clic para compartir en Pinterest (Se abre en una ventana nueva)<\/span><\/a><\/li><li class=\"share-end\"><\/li><\/ul><\/div><\/div><\/div><\/div><\/div>","protected":false},"excerpt":{"rendered":"<p>Con motivo de la conmemoraci\u00f3n del d\u00eda Internacional de las enfermedades raras, el 29 de febrero para conmemorar este d\u00eda bajo el lema \u201c\u00danete a nosotros para hacer la voz de las enfermedades raras se oiga\u201d Nuestra asociaci\u00f3n pretende concienciar a la sociedad gaditana de la presencia de estas enfermedades entre los convecinos en la [&hellip;]<\/p>\n<div class=\"sharedaddy sd-sharing-enabled\"><div class=\"robots-nocontent sd-block sd-social sd-social-icon sd-sharing\"><h3 class=\"sd-title\">Comparte esto:<\/h3><div class=\"sd-content\"><ul><li class=\"share-facebook\"><a rel=\"nofollow noopener noreferrer\" data-shared=\"sharing-facebook-3700\" class=\"share-facebook sd-button share-icon no-text\" href=\"http:\/\/yomeunoalretto.org\/?p=3700&amp;share=facebook\" target=\"_blank\" title=\"Haz clic para compartir en Facebook\" ><span><\/span><span class=\"sharing-screen-reader-text\">Haz clic para compartir en Facebook (Se abre en una ventana nueva)<\/span><\/a><\/li><li class=\"share-twitter\"><a rel=\"nofollow noopener noreferrer\" data-shared=\"sharing-twitter-3700\" class=\"share-twitter sd-button share-icon no-text\" href=\"http:\/\/yomeunoalretto.org\/?p=3700&amp;share=twitter\" target=\"_blank\" title=\"Haz clic para compartir en Twitter\" ><span><\/span><span class=\"sharing-screen-reader-text\">Haz clic para compartir en Twitter (Se abre en una ventana nueva)<\/span><\/a><\/li><li class=\"share-print\"><a rel=\"nofollow noopener noreferrer\" data-shared=\"\" class=\"share-print sd-button share-icon no-text\" href=\"http:\/\/yomeunoalretto.org\/?p=3700\" target=\"_blank\" title=\"Haz clic para imprimir\" ><span><\/span><span class=\"sharing-screen-reader-text\">Haz clic para imprimir (Se abre en una ventana nueva)<\/span><\/a><\/li><li class=\"share-email\"><a rel=\"nofollow noopener noreferrer\" data-shared=\"\" class=\"share-email sd-button share-icon no-text\" href=\"mailto:?subject=%5BEntrada%20compartida%5D%20Nuevo%20evento%20de%20nuestra%20asociaci%C3%B3n%2029%20de%20febrero&body=http%3A%2F%2Fyomeunoalretto.org%2F%3Fp%3D3700&share=email\" target=\"_blank\" title=\"Haz clic para enviar un enlace por correo electr\u00f3nico a un amigo\" data-email-share-error-title=\"\u00bfTienes un correo electr\u00f3nico configurado?\" data-email-share-error-text=\"Si tienes problemas al compartir por correo electr\u00f3nico, es posible que sea porque no tengas un correo electr\u00f3nico configurado en tu navegador. Puede que tengas que crear un nuevo correo electr\u00f3nico t\u00fa mismo.\" data-email-share-nonce=\"2ff6f724d4\" data-email-share-track-url=\"http:\/\/yomeunoalretto.org\/?p=3700&amp;share=email\"><span><\/span><span class=\"sharing-screen-reader-text\">Haz clic para enviar un enlace por correo electr\u00f3nico a un amigo (Se abre en una ventana nueva)<\/span><\/a><\/li><li><a href=\"#\" class=\"sharing-anchor sd-button share-more\"><span>M\u00e1s<\/span><\/a><\/li><li class=\"share-end\"><\/li><\/ul><div class=\"sharing-hidden\"><div class=\"inner\" style=\"display: none;\"><ul><li class=\"share-linkedin\"><a rel=\"nofollow noopener noreferrer\" data-shared=\"sharing-linkedin-3700\" class=\"share-linkedin sd-button share-icon no-text\" href=\"http:\/\/yomeunoalretto.org\/?p=3700&amp;share=linkedin\" target=\"_blank\" title=\"Haz clic para compartir en LinkedIn\" ><span><\/span><span class=\"sharing-screen-reader-text\">Haz clic para compartir en LinkedIn (Se abre en una ventana nueva)<\/span><\/a><\/li><li class=\"share-tumblr\"><a rel=\"nofollow noopener noreferrer\" data-shared=\"\" class=\"share-tumblr sd-button share-icon no-text\" href=\"http:\/\/yomeunoalretto.org\/?p=3700&amp;share=tumblr\" target=\"_blank\" title=\"Haz clic para compartir en Tumblr\" ><span><\/span><span class=\"sharing-screen-reader-text\">Haz clic para compartir en Tumblr (Se abre en una ventana nueva)<\/span><\/a><\/li><li class=\"share-end\"><\/li><li class=\"share-reddit\"><a rel=\"nofollow noopener noreferrer\" data-shared=\"\" class=\"share-reddit sd-button share-icon no-text\" href=\"http:\/\/yomeunoalretto.org\/?p=3700&amp;share=reddit\" target=\"_blank\" title=\"Haz clic para compartir en Reddit\" ><span><\/span><span class=\"sharing-screen-reader-text\">Haz clic para compartir en Reddit (Se abre en una ventana nueva)<\/span><\/a><\/li><li class=\"share-pocket\"><a rel=\"nofollow noopener noreferrer\" data-shared=\"\" class=\"share-pocket sd-button share-icon no-text\" href=\"http:\/\/yomeunoalretto.org\/?p=3700&amp;share=pocket\" target=\"_blank\" title=\"Haz clic para compartir en Pocket\" ><span><\/span><span class=\"sharing-screen-reader-text\">Haz clic para compartir en Pocket (Se abre en una ventana nueva)<\/span><\/a><\/li><li class=\"share-end\"><\/li><li class=\"share-pinterest\"><a rel=\"nofollow noopener noreferrer\" data-shared=\"sharing-pinterest-3700\" class=\"share-pinterest sd-button share-icon no-text\" href=\"http:\/\/yomeunoalretto.org\/?p=3700&amp;share=pinterest\" target=\"_blank\" title=\"Haz clic para compartir en Pinterest\" ><span><\/span><span class=\"sharing-screen-reader-text\">Haz clic para compartir en Pinterest (Se abre en una ventana nueva)<\/span><\/a><\/li><li class=\"share-end\"><\/li><\/ul><\/div><\/div><\/div><\/div><\/div>","protected":false},"author":1,"featured_media":0,"comment_status":"open","ping_status":"open","sticky":false,"template":"","format":"standard","meta":{"jetpack_publicize_message":"","jetpack_is_tweetstorm":false,"jetpack_publicize_feature_enabled":true},"categories":[1],"tags":[],"jetpack_publicize_connections":[],"jetpack_featured_media_url":"","jetpack_shortlink":"https:\/\/wp.me\/p4JzDn-XG","jetpack_sharing_enabled":true,"_links":{"self":[{"href":"http:\/\/yomeunoalretto.org\/index.php?rest_route=\/wp\/v2\/posts\/3700"}],"collection":[{"href":"http:\/\/yomeunoalretto.org\/index.php?rest_route=\/wp\/v2\/posts"}],"about":[{"href":"http:\/\/yomeunoalretto.org\/index.php?rest_route=\/wp\/v2\/types\/post"}],"author":[{"embeddable":true,"href":"http:\/\/yomeunoalretto.org\/index.php?rest_route=\/wp\/v2\/users\/1"}],"replies":[{"embeddable":true,"href":"http:\/\/yomeunoalretto.org\/index.php?rest_route=%2Fwp%2Fv2%2Fcomments&post=3700"}],"version-history":[{"count":2,"href":"http:\/\/yomeunoalretto.org\/index.php?rest_route=\/wp\/v2\/posts\/3700\/revisions"}],"predecessor-version":[{"id":3702,"href":"http:\/\/yomeunoalretto.org\/index.php?rest_route=\/wp\/v2\/posts\/3700\/revisions\/3702"}],"wp:attachment":[{"href":"http:\/\/yomeunoalretto.org\/index.php?rest_route=%2Fwp%2Fv2%2Fmedia&parent=3700"}],"wp:term":[{"taxonomy":"category","embeddable":true,"href":"http:\/\/yomeunoalretto.org\/index.php?rest_route=%2Fwp%2Fv2%2Fcategories&post=3700"},{"taxonomy":"post_tag","embeddable":true,"href":"http:\/\/yomeunoalretto.org\/index.php?rest_route=%2Fwp%2Fv2%2Ftags&post=3700"}],"curies":[{"name":"wp","href":"https:\/\/api.w.org\/{rel}","templated":true}]}}