{"id":3598,"date":"2015-11-07T00:19:29","date_gmt":"2015-11-06T23:19:29","guid":{"rendered":"http:\/\/yomeunoalretto.org\/?p=3598"},"modified":"2015-11-07T00:19:29","modified_gmt":"2015-11-06T23:19:29","slug":"octubre-solidario-tambien-gracias-a-los-camisetteros","status":"publish","type":"post","link":"http:\/\/yomeunoalretto.org\/?p=3598","title":{"rendered":"Octubre solidario tambi\u00e9n gracias a los CamisetteRos."},"content":{"rendered":"<p>&nbsp;<\/p>\n<p><img data-attachment-id=\"3599\" data-permalink=\"http:\/\/yomeunoalretto.org\/?attachment_id=3599\" data-orig-file=\"http:\/\/yomeunoalretto.org\/wp-content\/uploads\/2015\/11\/Imagen-06-11-15-a-las-17.01.jpg\" data-orig-size=\"3600,2400\" data-comments-opened=\"1\" data-image-meta=\"{&quot;aperture&quot;:&quot;0&quot;,&quot;credit&quot;:&quot;&quot;,&quot;camera&quot;:&quot;&quot;,&quot;caption&quot;:&quot;&quot;,&quot;created_timestamp&quot;:&quot;0&quot;,&quot;copyright&quot;:&quot;&quot;,&quot;focal_length&quot;:&quot;0&quot;,&quot;iso&quot;:&quot;0&quot;,&quot;shutter_speed&quot;:&quot;0&quot;,&quot;title&quot;:&quot;&quot;,&quot;orientation&quot;:&quot;0&quot;}\" data-image-title=\"Imagen 06-11-15 a las 17.01\" data-image-description=\"\" data-image-caption=\"\" data-medium-file=\"http:\/\/yomeunoalretto.org\/wp-content\/uploads\/2015\/11\/Imagen-06-11-15-a-las-17.01-250x167.jpg\" data-large-file=\"http:\/\/yomeunoalretto.org\/wp-content\/uploads\/2015\/11\/Imagen-06-11-15-a-las-17.01-1024x683.jpg\" decoding=\"async\" loading=\"lazy\" class=\"alignleft size-medium wp-image-3599\" src=\"http:\/\/yomeunoalretto.org\/wp-content\/uploads\/2015\/11\/Imagen-06-11-15-a-las-17.01-250x167.jpg\" alt=\"Imagen 06-11-15 a las 17.01\" width=\"250\" height=\"167\" srcset=\"http:\/\/yomeunoalretto.org\/wp-content\/uploads\/2015\/11\/Imagen-06-11-15-a-las-17.01-250x167.jpg 250w, http:\/\/yomeunoalretto.org\/wp-content\/uploads\/2015\/11\/Imagen-06-11-15-a-las-17.01-1024x683.jpg 1024w, http:\/\/yomeunoalretto.org\/wp-content\/uploads\/2015\/11\/Imagen-06-11-15-a-las-17.01-216x144.jpg 216w\" sizes=\"(max-width: 250px) 100vw, 250px\" \/>El mes de Octubre ha dado para mucho, tanto para la concienciaci\u00f3n y sensibilizaci\u00f3n del S\u00edndrome de Rett como para que todos nuestros buenos amigos camisetteRos hayan tenido un momento para acordarse de todas las ni\u00f1as y ni\u00f1os afectados por esta cruel enfermedad.<\/p>\n<p>Se os ha podido ver, haciendo ruido y li\u00e1ndola en este pasado mes por muchas competiciones de la provincia, desde el intento frustrado del pasada carrera del 18 de octubre, hasta la 31 carrera popular de la Avv Murallas de San Carlos; donde no solo hubo un gran n\u00famero de participantes con la camiseta sino que pudimos ver a todos los miembros de una familia haciendo gala de su af\u00e1n solidario. As\u00ed como en la nocturna del d\u00eda mundial enfermos de Alzheimer.<\/p>\n<p>En otros eventos deportivos de alta resistencia, como es el Trail Gran vuelta Valle del Genal, de nada mas y nada menos de 130 kil\u00f3metros vimos a Pepe Regadera y \u00c1lvaro Soto, luciendo la camiseta morada, (y ojo que all\u00ed nos reconocieron por la sirena),<\/p>\n<p>Y mas lejos a\u00fan, en el Army Race en Madrid tambi\u00e9n se vio correr a nuestra \/ vuestra querida sirena, tambi\u00e9n hay que hacer un meritorio reconocimiento de Manuel Casta\u00f1eda que se acord\u00f3 de llevarnos con \u00e9l hasta la Marat\u00f3n de \u00c1msterdam, y m\u00e1s a\u00fan, hasta en Bangkok nos han llevado de paseo y desde all\u00ed nos han mandado fotos que nos han dejado boquiabiertos<\/p>\n<p>El simple gesto de acordarse de los afectados y afectadas por la enfermedad cuando celebr\u00e1is vuestras haza\u00f1as deportivas es para nosotros objeto de alegr\u00edas y satisfacci\u00f3n, y es por esto por lo que os lo queremos agradecer p\u00fablicamente haciendo este repaso.<\/p>\n<p>Gracias porque cada d\u00eda somos m\u00e1s numerosos, gracias porque con vuestro esfuerzo por simple que os parezca, cada d\u00eda se conoce mas la existencia de esta enfermedad, gracias porque sois la imagen de la esperanza de muchas familias en la lucha contra el Rett. Y esperamos que cada vez seamos m\u00e1s y que tambi\u00e9n t\u00fa te unas al Retto contra el S\u00edndrome de Rett, ya sabes que todas las fotos homenaje a todos vosotros las puedes ver en la <em><strong><span style=\"color: #800080;\"><a style=\"color: #800080;\" href=\"http:\/\/yomeunoalretto.org\/?page_id=1344\" target=\"_blank\">web.<br \/>\n<\/a><\/span><\/strong><\/em><\/p>\n<div class=\"sharedaddy sd-sharing-enabled\"><div class=\"robots-nocontent sd-block sd-social sd-social-icon sd-sharing\"><h3 class=\"sd-title\">Comparte esto:<\/h3><div class=\"sd-content\"><ul><li class=\"share-facebook\"><a rel=\"nofollow noopener noreferrer\" data-shared=\"sharing-facebook-3598\" class=\"share-facebook sd-button share-icon no-text\" href=\"http:\/\/yomeunoalretto.org\/?p=3598&amp;share=facebook\" target=\"_blank\" title=\"Haz clic para compartir en Facebook\" ><span><\/span><span class=\"sharing-screen-reader-text\">Haz clic para compartir en Facebook (Se abre en una ventana nueva)<\/span><\/a><\/li><li class=\"share-twitter\"><a rel=\"nofollow noopener noreferrer\" data-shared=\"sharing-twitter-3598\" class=\"share-twitter sd-button share-icon no-text\" href=\"http:\/\/yomeunoalretto.org\/?p=3598&amp;share=twitter\" target=\"_blank\" title=\"Haz clic para compartir en Twitter\" ><span><\/span><span class=\"sharing-screen-reader-text\">Haz clic para compartir en Twitter (Se abre en una ventana nueva)<\/span><\/a><\/li><li class=\"share-print\"><a rel=\"nofollow noopener noreferrer\" data-shared=\"\" class=\"share-print sd-button share-icon no-text\" href=\"http:\/\/yomeunoalretto.org\/?p=3598\" target=\"_blank\" title=\"Haz clic para imprimir\" ><span><\/span><span class=\"sharing-screen-reader-text\">Haz clic para imprimir (Se abre en una ventana nueva)<\/span><\/a><\/li><li class=\"share-email\"><a rel=\"nofollow noopener noreferrer\" data-shared=\"\" class=\"share-email sd-button share-icon no-text\" href=\"mailto:?subject=%5BEntrada%20compartida%5D%20Octubre%20solidario%20tambi%C3%A9n%20gracias%20a%20los%20CamisetteRos.&body=http%3A%2F%2Fyomeunoalretto.org%2F%3Fp%3D3598&share=email\" target=\"_blank\" title=\"Haz clic para enviar un enlace por correo electr\u00f3nico a un amigo\" data-email-share-error-title=\"\u00bfTienes un correo electr\u00f3nico configurado?\" data-email-share-error-text=\"Si tienes problemas al compartir por correo electr\u00f3nico, es posible que sea porque no tengas un correo electr\u00f3nico configurado en tu navegador. Puede que tengas que crear un nuevo correo electr\u00f3nico t\u00fa mismo.\" data-email-share-nonce=\"822461dd89\" data-email-share-track-url=\"http:\/\/yomeunoalretto.org\/?p=3598&amp;share=email\"><span><\/span><span class=\"sharing-screen-reader-text\">Haz clic para enviar un enlace por correo electr\u00f3nico a un amigo (Se abre en una ventana nueva)<\/span><\/a><\/li><li><a href=\"#\" class=\"sharing-anchor sd-button share-more\"><span>M\u00e1s<\/span><\/a><\/li><li class=\"share-end\"><\/li><\/ul><div class=\"sharing-hidden\"><div class=\"inner\" style=\"display: none;\"><ul><li class=\"share-linkedin\"><a rel=\"nofollow noopener noreferrer\" data-shared=\"sharing-linkedin-3598\" class=\"share-linkedin sd-button share-icon no-text\" href=\"http:\/\/yomeunoalretto.org\/?p=3598&amp;share=linkedin\" target=\"_blank\" title=\"Haz clic para compartir en LinkedIn\" ><span><\/span><span class=\"sharing-screen-reader-text\">Haz clic para compartir en LinkedIn (Se abre en una ventana nueva)<\/span><\/a><\/li><li class=\"share-tumblr\"><a rel=\"nofollow noopener noreferrer\" data-shared=\"\" class=\"share-tumblr sd-button share-icon no-text\" href=\"http:\/\/yomeunoalretto.org\/?p=3598&amp;share=tumblr\" target=\"_blank\" title=\"Haz clic para compartir en Tumblr\" ><span><\/span><span class=\"sharing-screen-reader-text\">Haz clic para compartir en Tumblr (Se abre en una ventana nueva)<\/span><\/a><\/li><li class=\"share-end\"><\/li><li class=\"share-reddit\"><a rel=\"nofollow noopener noreferrer\" data-shared=\"\" class=\"share-reddit sd-button share-icon no-text\" href=\"http:\/\/yomeunoalretto.org\/?p=3598&amp;share=reddit\" target=\"_blank\" title=\"Haz clic para compartir en Reddit\" ><span><\/span><span class=\"sharing-screen-reader-text\">Haz clic para compartir en Reddit (Se abre en una ventana nueva)<\/span><\/a><\/li><li class=\"share-pocket\"><a rel=\"nofollow noopener noreferrer\" data-shared=\"\" class=\"share-pocket sd-button share-icon no-text\" href=\"http:\/\/yomeunoalretto.org\/?p=3598&amp;share=pocket\" target=\"_blank\" title=\"Haz clic para compartir en Pocket\" ><span><\/span><span class=\"sharing-screen-reader-text\">Haz clic para compartir en Pocket (Se abre en una ventana nueva)<\/span><\/a><\/li><li class=\"share-end\"><\/li><li class=\"share-pinterest\"><a rel=\"nofollow noopener noreferrer\" data-shared=\"sharing-pinterest-3598\" class=\"share-pinterest sd-button share-icon no-text\" href=\"http:\/\/yomeunoalretto.org\/?p=3598&amp;share=pinterest\" target=\"_blank\" title=\"Haz clic para compartir en Pinterest\" ><span><\/span><span class=\"sharing-screen-reader-text\">Haz clic para compartir en Pinterest (Se abre en una ventana nueva)<\/span><\/a><\/li><li class=\"share-end\"><\/li><\/ul><\/div><\/div><\/div><\/div><\/div>","protected":false},"excerpt":{"rendered":"<p>&nbsp; El mes de Octubre ha dado para mucho, tanto para la concienciaci\u00f3n y sensibilizaci\u00f3n del S\u00edndrome de Rett como para que todos nuestros buenos amigos camisetteRos hayan tenido un momento para acordarse de todas las ni\u00f1as y ni\u00f1os afectados por esta cruel enfermedad. Se os ha podido ver, haciendo ruido y li\u00e1ndola en este [&hellip;]<\/p>\n<div class=\"sharedaddy sd-sharing-enabled\"><div class=\"robots-nocontent sd-block sd-social sd-social-icon sd-sharing\"><h3 class=\"sd-title\">Comparte esto:<\/h3><div class=\"sd-content\"><ul><li class=\"share-facebook\"><a rel=\"nofollow noopener noreferrer\" data-shared=\"sharing-facebook-3598\" class=\"share-facebook sd-button share-icon no-text\" href=\"http:\/\/yomeunoalretto.org\/?p=3598&amp;share=facebook\" target=\"_blank\" title=\"Haz clic para compartir en Facebook\" ><span><\/span><span class=\"sharing-screen-reader-text\">Haz clic para compartir en Facebook (Se abre en una ventana nueva)<\/span><\/a><\/li><li class=\"share-twitter\"><a rel=\"nofollow noopener noreferrer\" data-shared=\"sharing-twitter-3598\" class=\"share-twitter sd-button share-icon no-text\" href=\"http:\/\/yomeunoalretto.org\/?p=3598&amp;share=twitter\" target=\"_blank\" title=\"Haz clic para compartir en Twitter\" ><span><\/span><span class=\"sharing-screen-reader-text\">Haz clic para compartir en Twitter (Se abre en una ventana nueva)<\/span><\/a><\/li><li class=\"share-print\"><a rel=\"nofollow noopener noreferrer\" data-shared=\"\" class=\"share-print sd-button share-icon no-text\" href=\"http:\/\/yomeunoalretto.org\/?p=3598\" target=\"_blank\" title=\"Haz clic para imprimir\" ><span><\/span><span class=\"sharing-screen-reader-text\">Haz clic para imprimir (Se abre en una ventana nueva)<\/span><\/a><\/li><li class=\"share-email\"><a rel=\"nofollow noopener noreferrer\" data-shared=\"\" class=\"share-email sd-button share-icon no-text\" href=\"mailto:?subject=%5BEntrada%20compartida%5D%20Octubre%20solidario%20tambi%C3%A9n%20gracias%20a%20los%20CamisetteRos.&body=http%3A%2F%2Fyomeunoalretto.org%2F%3Fp%3D3598&share=email\" target=\"_blank\" title=\"Haz clic para enviar un enlace por correo electr\u00f3nico a un amigo\" data-email-share-error-title=\"\u00bfTienes un correo electr\u00f3nico configurado?\" data-email-share-error-text=\"Si tienes problemas al compartir por correo electr\u00f3nico, es posible que sea porque no tengas un correo electr\u00f3nico configurado en tu navegador. Puede que tengas que crear un nuevo correo electr\u00f3nico t\u00fa mismo.\" data-email-share-nonce=\"822461dd89\" data-email-share-track-url=\"http:\/\/yomeunoalretto.org\/?p=3598&amp;share=email\"><span><\/span><span class=\"sharing-screen-reader-text\">Haz clic para enviar un enlace por correo electr\u00f3nico a un amigo (Se abre en una ventana nueva)<\/span><\/a><\/li><li><a href=\"#\" class=\"sharing-anchor sd-button share-more\"><span>M\u00e1s<\/span><\/a><\/li><li class=\"share-end\"><\/li><\/ul><div class=\"sharing-hidden\"><div class=\"inner\" style=\"display: none;\"><ul><li class=\"share-linkedin\"><a rel=\"nofollow noopener noreferrer\" data-shared=\"sharing-linkedin-3598\" class=\"share-linkedin sd-button share-icon no-text\" href=\"http:\/\/yomeunoalretto.org\/?p=3598&amp;share=linkedin\" target=\"_blank\" title=\"Haz clic para compartir en LinkedIn\" ><span><\/span><span class=\"sharing-screen-reader-text\">Haz clic para compartir en LinkedIn (Se abre en una ventana nueva)<\/span><\/a><\/li><li class=\"share-tumblr\"><a rel=\"nofollow noopener noreferrer\" data-shared=\"\" class=\"share-tumblr sd-button share-icon no-text\" href=\"http:\/\/yomeunoalretto.org\/?p=3598&amp;share=tumblr\" target=\"_blank\" title=\"Haz clic para compartir en Tumblr\" ><span><\/span><span class=\"sharing-screen-reader-text\">Haz clic para compartir en Tumblr (Se abre en una ventana nueva)<\/span><\/a><\/li><li class=\"share-end\"><\/li><li class=\"share-reddit\"><a rel=\"nofollow noopener noreferrer\" data-shared=\"\" class=\"share-reddit sd-button share-icon no-text\" href=\"http:\/\/yomeunoalretto.org\/?p=3598&amp;share=reddit\" target=\"_blank\" title=\"Haz clic para compartir en Reddit\" ><span><\/span><span class=\"sharing-screen-reader-text\">Haz clic para compartir en Reddit (Se abre en una ventana nueva)<\/span><\/a><\/li><li class=\"share-pocket\"><a rel=\"nofollow noopener noreferrer\" data-shared=\"\" class=\"share-pocket sd-button share-icon no-text\" href=\"http:\/\/yomeunoalretto.org\/?p=3598&amp;share=pocket\" target=\"_blank\" title=\"Haz clic para compartir en Pocket\" ><span><\/span><span class=\"sharing-screen-reader-text\">Haz clic para compartir en Pocket (Se abre en una ventana nueva)<\/span><\/a><\/li><li class=\"share-end\"><\/li><li class=\"share-pinterest\"><a rel=\"nofollow noopener noreferrer\" data-shared=\"sharing-pinterest-3598\" class=\"share-pinterest sd-button share-icon no-text\" href=\"http:\/\/yomeunoalretto.org\/?p=3598&amp;share=pinterest\" target=\"_blank\" title=\"Haz clic para compartir en Pinterest\" ><span><\/span><span class=\"sharing-screen-reader-text\">Haz clic para compartir en Pinterest (Se abre en una ventana nueva)<\/span><\/a><\/li><li class=\"share-end\"><\/li><\/ul><\/div><\/div><\/div><\/div><\/div>","protected":false},"author":1,"featured_media":0,"comment_status":"open","ping_status":"open","sticky":false,"template":"","format":"standard","meta":{"jetpack_publicize_message":"","jetpack_is_tweetstorm":false,"jetpack_publicize_feature_enabled":true},"categories":[1],"tags":[],"jetpack_publicize_connections":[],"jetpack_featured_media_url":"","jetpack_shortlink":"https:\/\/wp.me\/p4JzDn-W2","jetpack_sharing_enabled":true,"_links":{"self":[{"href":"http:\/\/yomeunoalretto.org\/index.php?rest_route=\/wp\/v2\/posts\/3598"}],"collection":[{"href":"http:\/\/yomeunoalretto.org\/index.php?rest_route=\/wp\/v2\/posts"}],"about":[{"href":"http:\/\/yomeunoalretto.org\/index.php?rest_route=\/wp\/v2\/types\/post"}],"author":[{"embeddable":true,"href":"http:\/\/yomeunoalretto.org\/index.php?rest_route=\/wp\/v2\/users\/1"}],"replies":[{"embeddable":true,"href":"http:\/\/yomeunoalretto.org\/index.php?rest_route=%2Fwp%2Fv2%2Fcomments&post=3598"}],"version-history":[{"count":2,"href":"http:\/\/yomeunoalretto.org\/index.php?rest_route=\/wp\/v2\/posts\/3598\/revisions"}],"predecessor-version":[{"id":3601,"href":"http:\/\/yomeunoalretto.org\/index.php?rest_route=\/wp\/v2\/posts\/3598\/revisions\/3601"}],"wp:attachment":[{"href":"http:\/\/yomeunoalretto.org\/index.php?rest_route=%2Fwp%2Fv2%2Fmedia&parent=3598"}],"wp:term":[{"taxonomy":"category","embeddable":true,"href":"http:\/\/yomeunoalretto.org\/index.php?rest_route=%2Fwp%2Fv2%2Fcategories&post=3598"},{"taxonomy":"post_tag","embeddable":true,"href":"http:\/\/yomeunoalretto.org\/index.php?rest_route=%2Fwp%2Fv2%2Ftags&post=3598"}],"curies":[{"name":"wp","href":"https:\/\/api.w.org\/{rel}","templated":true}]}}