{"id":2040,"date":"2015-02-28T00:59:15","date_gmt":"2015-02-27T23:59:15","guid":{"rendered":"http:\/\/yomeunoalretto.org\/?p=2040"},"modified":"2015-02-28T01:06:10","modified_gmt":"2015-02-28T00:06:10","slug":"28-febrero-1700-h-playa-victoria-cadiz-carrera-por-el-sindrome-de-rett","status":"publish","type":"post","link":"http:\/\/yomeunoalretto.org\/?p=2040","title":{"rendered":"28 Febrero, 17:00 h Playa Victoria C\u00e1diz \/ Carrera por el S\u00edndrome de Rett"},"content":{"rendered":"<p>Hoy es nuestra gran cita, no solo para\u00a0las afectadas por el S\u00edndrome de Rett, sino la de tod@s aquella <img data-attachment-id=\"1633\" data-permalink=\"http:\/\/yomeunoalretto.org\/?attachment_id=1633\" data-orig-file=\"http:\/\/yomeunoalretto.org\/wp-content\/uploads\/2015\/02\/Carrera-benefica1.jpg\" data-orig-size=\"1575,2228\" data-comments-opened=\"1\" data-image-meta=\"{&quot;aperture&quot;:&quot;0&quot;,&quot;credit&quot;:&quot;&quot;,&quot;camera&quot;:&quot;&quot;,&quot;caption&quot;:&quot;&quot;,&quot;created_timestamp&quot;:&quot;1422608616&quot;,&quot;copyright&quot;:&quot;&quot;,&quot;focal_length&quot;:&quot;0&quot;,&quot;iso&quot;:&quot;0&quot;,&quot;shutter_speed&quot;:&quot;0&quot;,&quot;title&quot;:&quot;&quot;,&quot;orientation&quot;:&quot;1&quot;}\" data-image-title=\"Carrera benefica1\" data-image-description=\"\" data-image-caption=\"\" data-medium-file=\"http:\/\/yomeunoalretto.org\/wp-content\/uploads\/2015\/02\/Carrera-benefica1-177x250.jpg\" data-large-file=\"http:\/\/yomeunoalretto.org\/wp-content\/uploads\/2015\/02\/Carrera-benefica1-724x1024.jpg\" decoding=\"async\" loading=\"lazy\" class=\" size-medium wp-image-1633 alignright\" src=\"http:\/\/yomeunoalretto.org\/wp-content\/uploads\/2015\/02\/Carrera-benefica1-177x250.jpg\" alt=\"Carrera benefica1\" width=\"177\" height=\"250\" srcset=\"http:\/\/yomeunoalretto.org\/wp-content\/uploads\/2015\/02\/Carrera-benefica1-177x250.jpg 177w, http:\/\/yomeunoalretto.org\/wp-content\/uploads\/2015\/02\/Carrera-benefica1-724x1024.jpg 724w, http:\/\/yomeunoalretto.org\/wp-content\/uploads\/2015\/02\/Carrera-benefica1-119x168.jpg 119w, http:\/\/yomeunoalretto.org\/wp-content\/uploads\/2015\/02\/Carrera-benefica1.jpg 1575w\" sizes=\"(max-width: 177px) 100vw, 177px\" \/>que se han unido a nuestra lucha contra esta rara enfermedad en el d\u00eda mundial de las enfermedades raras.<\/p>\n<p>Hab\u00e9is sido muchos los que finalmente no os conseguisteis inscribir, y es que gracias a la maravillosa gesti\u00f3n del\u00a0<strong><span style=\"color: #008080;\"><a style=\"color: #008080;\" href=\"http:\/\/conchipandalucia.com\/evento\/i-carrera-popular-benefica-la-maga-por-el-sindrome-de-rett\/\" target=\"_blank\">conchipandalucia.com<\/a><\/span><\/strong>\u00a0los 300 dorsales que ten\u00edamos previstos han volado.<\/p>\n<p>Pero esto no es ninguna excusa si es que realmente te quieres unir a nuestra lucha, dispones si as\u00ed lo deseas del dorsal cero para colaborar, haciendo cualquier tipo de aportaci\u00f3n en la cuenta de <strong><span style=\"color: #ff6600;\">La Caixa \/ Cajasol ES87 0133 8694 2342 0000 1836<span style=\"color: #000000;\">.<\/span><\/span><\/strong><\/p>\n<p>Y si quieres participar en la carrera puedes hacerlo libre y responsablemente, eso si sin dorsal; pero si quieres aparecer en el listado que se publicar\u00e1 con los participantes h\u00e1znoslo saber a la hora de hacer el ingreso o bien ma\u00f1ana mismo en la zona que tendremos habilitada para la entrega de dorsales.<\/p>\n<p>Respecto a la entrega de dorsales, comenzar\u00e1 a las 15:00 a la altura de la Calle Brasil (Hospital Puerta del Mar), y finalizar\u00e1 cuando comience la prueba de los m\u00e1s peque\u00f1os, sobre las 17:00. Las pruebas se ir\u00e1n solapando por edades, hasta concluir con la salida de los 5000 metros para adultos aproximadamente a eso de las 18:00.<\/p>\n<p>Os damos las gracias tanto a la Maga, la Delegaci\u00f3n de Deportes del Ayuntamiento de C\u00e1diz, \u00a0a los colaboradores, los medios de prensa y comunicaci\u00f3n que han dado eco a esta cita solidaria con el deporte y muy especialmente al nutrido grupo de voluntarios que nos ayudar\u00e1 ma\u00f1ana.<\/p>\n<p>Igualmente os agradecemos de antemano desde la Asociaci\u00f3n yo me uno al Retto, tanto la magn\u00edfica acogida que nos hab\u00e9is ofrecido en este evento, como tambi\u00e9n la paciencia que est\u00e1is mostrando y os deseamos que ma\u00f1ana disfrutemos todos de una magnifica jornada disfrutando de vuestra\u00a0compa\u00f1\u00eda y corriendo\u00a0por las\u00a0que no pueden.<\/p>\n<p>&nbsp;<\/p>\n<div class=\"sharedaddy sd-sharing-enabled\"><div class=\"robots-nocontent sd-block sd-social sd-social-icon sd-sharing\"><h3 class=\"sd-title\">Comparte esto:<\/h3><div class=\"sd-content\"><ul><li class=\"share-facebook\"><a rel=\"nofollow noopener noreferrer\" data-shared=\"sharing-facebook-2040\" class=\"share-facebook sd-button share-icon no-text\" href=\"http:\/\/yomeunoalretto.org\/?p=2040&amp;share=facebook\" target=\"_blank\" title=\"Haz clic para compartir en Facebook\" ><span><\/span><span class=\"sharing-screen-reader-text\">Haz clic para compartir en Facebook (Se abre en una ventana nueva)<\/span><\/a><\/li><li class=\"share-twitter\"><a rel=\"nofollow noopener noreferrer\" data-shared=\"sharing-twitter-2040\" class=\"share-twitter sd-button share-icon no-text\" href=\"http:\/\/yomeunoalretto.org\/?p=2040&amp;share=twitter\" target=\"_blank\" title=\"Haz clic para compartir en Twitter\" ><span><\/span><span class=\"sharing-screen-reader-text\">Haz clic para compartir en Twitter (Se abre en una ventana nueva)<\/span><\/a><\/li><li class=\"share-print\"><a rel=\"nofollow noopener noreferrer\" data-shared=\"\" class=\"share-print sd-button share-icon no-text\" href=\"http:\/\/yomeunoalretto.org\/?p=2040\" target=\"_blank\" title=\"Haz clic para imprimir\" ><span><\/span><span class=\"sharing-screen-reader-text\">Haz clic para imprimir (Se abre en una ventana nueva)<\/span><\/a><\/li><li class=\"share-email\"><a rel=\"nofollow noopener noreferrer\" data-shared=\"\" class=\"share-email sd-button share-icon no-text\" href=\"mailto:?subject=%5BEntrada%20compartida%5D%2028%20Febrero%2C%2017%3A00%20h%20Playa%20Victoria%20C%C3%A1diz%20%2F%20Carrera%20por%20el%20S%C3%ADndrome%20de%20Rett&body=http%3A%2F%2Fyomeunoalretto.org%2F%3Fp%3D2040&share=email\" target=\"_blank\" title=\"Haz clic para enviar un enlace por correo electr\u00f3nico a un amigo\" data-email-share-error-title=\"\u00bfTienes un correo electr\u00f3nico configurado?\" data-email-share-error-text=\"Si tienes problemas al compartir por correo electr\u00f3nico, es posible que sea porque no tengas un correo electr\u00f3nico configurado en tu navegador. Puede que tengas que crear un nuevo correo electr\u00f3nico t\u00fa mismo.\" data-email-share-nonce=\"08a068c509\" data-email-share-track-url=\"http:\/\/yomeunoalretto.org\/?p=2040&amp;share=email\"><span><\/span><span class=\"sharing-screen-reader-text\">Haz clic para enviar un enlace por correo electr\u00f3nico a un amigo (Se abre en una ventana nueva)<\/span><\/a><\/li><li><a href=\"#\" class=\"sharing-anchor sd-button share-more\"><span>M\u00e1s<\/span><\/a><\/li><li class=\"share-end\"><\/li><\/ul><div class=\"sharing-hidden\"><div class=\"inner\" style=\"display: none;\"><ul><li class=\"share-linkedin\"><a rel=\"nofollow noopener noreferrer\" data-shared=\"sharing-linkedin-2040\" class=\"share-linkedin sd-button share-icon no-text\" href=\"http:\/\/yomeunoalretto.org\/?p=2040&amp;share=linkedin\" target=\"_blank\" title=\"Haz clic para compartir en LinkedIn\" ><span><\/span><span class=\"sharing-screen-reader-text\">Haz clic para compartir en LinkedIn (Se abre en una ventana nueva)<\/span><\/a><\/li><li class=\"share-tumblr\"><a rel=\"nofollow noopener noreferrer\" data-shared=\"\" class=\"share-tumblr sd-button share-icon no-text\" href=\"http:\/\/yomeunoalretto.org\/?p=2040&amp;share=tumblr\" target=\"_blank\" title=\"Haz clic para compartir en Tumblr\" ><span><\/span><span class=\"sharing-screen-reader-text\">Haz clic para compartir en Tumblr (Se abre en una ventana nueva)<\/span><\/a><\/li><li class=\"share-end\"><\/li><li class=\"share-reddit\"><a rel=\"nofollow noopener noreferrer\" data-shared=\"\" class=\"share-reddit sd-button share-icon no-text\" href=\"http:\/\/yomeunoalretto.org\/?p=2040&amp;share=reddit\" target=\"_blank\" title=\"Haz clic para compartir en Reddit\" ><span><\/span><span class=\"sharing-screen-reader-text\">Haz clic para compartir en Reddit (Se abre en una ventana nueva)<\/span><\/a><\/li><li class=\"share-pocket\"><a rel=\"nofollow noopener noreferrer\" data-shared=\"\" class=\"share-pocket sd-button share-icon no-text\" href=\"http:\/\/yomeunoalretto.org\/?p=2040&amp;share=pocket\" target=\"_blank\" title=\"Haz clic para compartir en Pocket\" ><span><\/span><span class=\"sharing-screen-reader-text\">Haz clic para compartir en Pocket (Se abre en una ventana nueva)<\/span><\/a><\/li><li class=\"share-end\"><\/li><li class=\"share-pinterest\"><a rel=\"nofollow noopener noreferrer\" data-shared=\"sharing-pinterest-2040\" class=\"share-pinterest sd-button share-icon no-text\" href=\"http:\/\/yomeunoalretto.org\/?p=2040&amp;share=pinterest\" target=\"_blank\" title=\"Haz clic para compartir en Pinterest\" ><span><\/span><span class=\"sharing-screen-reader-text\">Haz clic para compartir en Pinterest (Se abre en una ventana nueva)<\/span><\/a><\/li><li class=\"share-end\"><\/li><\/ul><\/div><\/div><\/div><\/div><\/div>","protected":false},"excerpt":{"rendered":"<p>Hoy es nuestra gran cita, no solo para\u00a0las afectadas por el S\u00edndrome de Rett, sino la de tod@s aquella que se han unido a nuestra lucha contra esta rara enfermedad en el d\u00eda mundial de las enfermedades raras. Hab\u00e9is sido muchos los que finalmente no os conseguisteis inscribir, y es que gracias a la maravillosa [&hellip;]<\/p>\n<div class=\"sharedaddy sd-sharing-enabled\"><div class=\"robots-nocontent sd-block sd-social sd-social-icon sd-sharing\"><h3 class=\"sd-title\">Comparte esto:<\/h3><div class=\"sd-content\"><ul><li class=\"share-facebook\"><a rel=\"nofollow noopener noreferrer\" data-shared=\"sharing-facebook-2040\" class=\"share-facebook sd-button share-icon no-text\" href=\"http:\/\/yomeunoalretto.org\/?p=2040&amp;share=facebook\" target=\"_blank\" title=\"Haz clic para compartir en Facebook\" ><span><\/span><span class=\"sharing-screen-reader-text\">Haz clic para compartir en Facebook (Se abre en una ventana nueva)<\/span><\/a><\/li><li class=\"share-twitter\"><a rel=\"nofollow noopener noreferrer\" data-shared=\"sharing-twitter-2040\" class=\"share-twitter sd-button share-icon no-text\" href=\"http:\/\/yomeunoalretto.org\/?p=2040&amp;share=twitter\" target=\"_blank\" title=\"Haz clic para compartir en Twitter\" ><span><\/span><span class=\"sharing-screen-reader-text\">Haz clic para compartir en Twitter (Se abre en una ventana nueva)<\/span><\/a><\/li><li class=\"share-print\"><a rel=\"nofollow noopener noreferrer\" data-shared=\"\" class=\"share-print sd-button share-icon no-text\" href=\"http:\/\/yomeunoalretto.org\/?p=2040\" target=\"_blank\" title=\"Haz clic para imprimir\" ><span><\/span><span class=\"sharing-screen-reader-text\">Haz clic para imprimir (Se abre en una ventana nueva)<\/span><\/a><\/li><li class=\"share-email\"><a rel=\"nofollow noopener noreferrer\" data-shared=\"\" class=\"share-email sd-button share-icon no-text\" href=\"mailto:?subject=%5BEntrada%20compartida%5D%2028%20Febrero%2C%2017%3A00%20h%20Playa%20Victoria%20C%C3%A1diz%20%2F%20Carrera%20por%20el%20S%C3%ADndrome%20de%20Rett&body=http%3A%2F%2Fyomeunoalretto.org%2F%3Fp%3D2040&share=email\" target=\"_blank\" title=\"Haz clic para enviar un enlace por correo electr\u00f3nico a un amigo\" data-email-share-error-title=\"\u00bfTienes un correo electr\u00f3nico configurado?\" data-email-share-error-text=\"Si tienes problemas al compartir por correo electr\u00f3nico, es posible que sea porque no tengas un correo electr\u00f3nico configurado en tu navegador. Puede que tengas que crear un nuevo correo electr\u00f3nico t\u00fa mismo.\" data-email-share-nonce=\"08a068c509\" data-email-share-track-url=\"http:\/\/yomeunoalretto.org\/?p=2040&amp;share=email\"><span><\/span><span class=\"sharing-screen-reader-text\">Haz clic para enviar un enlace por correo electr\u00f3nico a un amigo (Se abre en una ventana nueva)<\/span><\/a><\/li><li><a href=\"#\" class=\"sharing-anchor sd-button share-more\"><span>M\u00e1s<\/span><\/a><\/li><li class=\"share-end\"><\/li><\/ul><div class=\"sharing-hidden\"><div class=\"inner\" style=\"display: none;\"><ul><li class=\"share-linkedin\"><a rel=\"nofollow noopener noreferrer\" data-shared=\"sharing-linkedin-2040\" class=\"share-linkedin sd-button share-icon no-text\" href=\"http:\/\/yomeunoalretto.org\/?p=2040&amp;share=linkedin\" target=\"_blank\" title=\"Haz clic para compartir en LinkedIn\" ><span><\/span><span class=\"sharing-screen-reader-text\">Haz clic para compartir en LinkedIn (Se abre en una ventana nueva)<\/span><\/a><\/li><li class=\"share-tumblr\"><a rel=\"nofollow noopener noreferrer\" data-shared=\"\" class=\"share-tumblr sd-button share-icon no-text\" href=\"http:\/\/yomeunoalretto.org\/?p=2040&amp;share=tumblr\" target=\"_blank\" title=\"Haz clic para compartir en Tumblr\" ><span><\/span><span class=\"sharing-screen-reader-text\">Haz clic para compartir en Tumblr (Se abre en una ventana nueva)<\/span><\/a><\/li><li class=\"share-end\"><\/li><li class=\"share-reddit\"><a rel=\"nofollow noopener noreferrer\" data-shared=\"\" class=\"share-reddit sd-button share-icon no-text\" href=\"http:\/\/yomeunoalretto.org\/?p=2040&amp;share=reddit\" target=\"_blank\" title=\"Haz clic para compartir en Reddit\" ><span><\/span><span class=\"sharing-screen-reader-text\">Haz clic para compartir en Reddit (Se abre en una ventana nueva)<\/span><\/a><\/li><li class=\"share-pocket\"><a rel=\"nofollow noopener noreferrer\" data-shared=\"\" class=\"share-pocket sd-button share-icon no-text\" href=\"http:\/\/yomeunoalretto.org\/?p=2040&amp;share=pocket\" target=\"_blank\" title=\"Haz clic para compartir en Pocket\" ><span><\/span><span class=\"sharing-screen-reader-text\">Haz clic para compartir en Pocket (Se abre en una ventana nueva)<\/span><\/a><\/li><li class=\"share-end\"><\/li><li class=\"share-pinterest\"><a rel=\"nofollow noopener noreferrer\" data-shared=\"sharing-pinterest-2040\" class=\"share-pinterest sd-button share-icon no-text\" href=\"http:\/\/yomeunoalretto.org\/?p=2040&amp;share=pinterest\" target=\"_blank\" title=\"Haz clic para compartir en Pinterest\" ><span><\/span><span class=\"sharing-screen-reader-text\">Haz clic para compartir en Pinterest (Se abre en una ventana nueva)<\/span><\/a><\/li><li class=\"share-end\"><\/li><\/ul><\/div><\/div><\/div><\/div><\/div>","protected":false},"author":1,"featured_media":0,"comment_status":"open","ping_status":"open","sticky":false,"template":"","format":"standard","meta":{"jetpack_publicize_message":"","jetpack_is_tweetstorm":false,"jetpack_publicize_feature_enabled":true},"categories":[1],"tags":[],"jetpack_publicize_connections":[],"jetpack_featured_media_url":"","jetpack_shortlink":"https:\/\/wp.me\/p4JzDn-wU","jetpack_sharing_enabled":true,"_links":{"self":[{"href":"http:\/\/yomeunoalretto.org\/index.php?rest_route=\/wp\/v2\/posts\/2040"}],"collection":[{"href":"http:\/\/yomeunoalretto.org\/index.php?rest_route=\/wp\/v2\/posts"}],"about":[{"href":"http:\/\/yomeunoalretto.org\/index.php?rest_route=\/wp\/v2\/types\/post"}],"author":[{"embeddable":true,"href":"http:\/\/yomeunoalretto.org\/index.php?rest_route=\/wp\/v2\/users\/1"}],"replies":[{"embeddable":true,"href":"http:\/\/yomeunoalretto.org\/index.php?rest_route=%2Fwp%2Fv2%2Fcomments&post=2040"}],"version-history":[{"count":4,"href":"http:\/\/yomeunoalretto.org\/index.php?rest_route=\/wp\/v2\/posts\/2040\/revisions"}],"predecessor-version":[{"id":2044,"href":"http:\/\/yomeunoalretto.org\/index.php?rest_route=\/wp\/v2\/posts\/2040\/revisions\/2044"}],"wp:attachment":[{"href":"http:\/\/yomeunoalretto.org\/index.php?rest_route=%2Fwp%2Fv2%2Fmedia&parent=2040"}],"wp:term":[{"taxonomy":"category","embeddable":true,"href":"http:\/\/yomeunoalretto.org\/index.php?rest_route=%2Fwp%2Fv2%2Fcategories&post=2040"},{"taxonomy":"post_tag","embeddable":true,"href":"http:\/\/yomeunoalretto.org\/index.php?rest_route=%2Fwp%2Fv2%2Ftags&post=2040"}],"curies":[{"name":"wp","href":"https:\/\/api.w.org\/{rel}","templated":true}]}}